{"id":1937,"date":"2021-10-30T20:19:04","date_gmt":"2021-10-30T17:19:04","guid":{"rendered":"https:\/\/abilar.org\/?p=1937"},"modified":"2024-03-25T20:43:25","modified_gmt":"2024-03-25T17:43:25","slug":"aba-3-olagan-genel-kurul-toplanti-duyurusu","status":"publish","type":"post","link":"https:\/\/abilar.org\/en\/2021\/10\/30\/aba-3-olagan-genel-kurul-toplanti-duyurusu\/","title":{"rendered":"ABA 3. Ola\u011fan Genel Kurul Toplant\u0131 Duyurusu"},"content":{"rendered":"<p class=\"has-text-align-left\">Say\u0131n \u00fcyemiz,<br> <br>Akademik Bili\u015fim Ara\u015ft\u0131rmalar\u0131 Derne\u011fi&#8217;nin (ABA) 3. Ola\u011fan Genel Kurul Toplant\u0131s\u0131, 5 May\u0131s 2024 Pazar g\u00fcn\u00fc saat  13.00\u2019da a\u015fa\u011f\u0131daki yaz\u0131l\u0131 g\u00fcndeme g\u00f6re yap\u0131lacakt\u0131r.<\/p>\n\n\n\n<p class=\"has-text-align-left\"><br>Belirtilen g\u00fcn \u00e7o\u011funluk sa\u011flanamad\u0131\u011f\u0131 takdirde, ikinci toplant\u0131 12 May\u0131s 2024 Pazar g\u00fcn\u00fc ayn\u0131 g\u00fcndemle, ayn\u0131 saatte nisaps\u0131z olarak yap\u0131lacakt\u0131r.<\/p>\n\n\n\n<p class=\"has-text-align-left\"><br>Toplant\u0131 yeri ileriki zamanlarda duyurulacakt\u0131r.<\/p>\n\n\n\n<p class=\"has-text-align-left\"><br>Say\u0131n \u00fcyelerimizin toplant\u0131ya kat\u0131lmalar\u0131 sayg\u0131 ile rica olunur.<br>Y\u00d6NET\u0130M KURULU<br><br>G\u00dcNDEM:<br> <br>1-A\u00e7\u0131l\u0131\u015f ve yoklama,<br>2-Kongre ba\u015fkanl\u0131k divan\u0131 se\u00e7imi,<br>3-Sayg\u0131 duru\u015fu istiklal mar\u015f\u0131,<br>4-Y\u00f6netim Kurulu faaliyet raporu ile Denetim Kurulu raporunun okunmas\u0131 ve m\u00fczakeresi,<br>5-Y\u00f6netim Kurulu ve Denetim Kurulu\u2019nun ayr\u0131 ayr\u0131 ibras\u0131,<br>6-Yeni Y\u00f6netim Kurulu ile Denetim Kurulu asil ve yedek \u00fcyelerinin se\u00e7imi,<br>7-Dilekler ve temenniler,<br>8-Kapan\u0131\u015f.<\/p>","protected":false},"excerpt":{"rendered":"<p>Say\u0131n \u00fcyemiz, Akademik Bili\u015fim Ara\u015ft\u0131rmalar\u0131 Derne\u011fi&#8217;nin (ABA) 3. Ola\u011fan Genel Kurul Toplant\u0131s\u0131, 5 May\u0131s 2024 Pazar g\u00fcn\u00fc saat 13.00\u2019da a\u015fa\u011f\u0131daki yaz\u0131l\u0131 g\u00fcndeme g\u00f6re yap\u0131lacakt\u0131r. Belirtilen&hellip;<\/p>","protected":false},"author":1,"featured_media":1981,"comment_status":"open","ping_status":"open","sticky":false,"template":"","format":"standard","meta":{"footnotes":""},"categories":[11],"tags":[],"class_list":["post-1937","post","type-post","status-publish","format-standard","has-post-thumbnail","hentry","category-haber"],"_links":{"self":[{"href":"https:\/\/abilar.org\/en\/wp-json\/wp\/v2\/posts\/1937","targetHints":{"allow":["GET"]}}],"collection":[{"href":"https:\/\/abilar.org\/en\/wp-json\/wp\/v2\/posts"}],"about":[{"href":"https:\/\/abilar.org\/en\/wp-json\/wp\/v2\/types\/post"}],"author":[{"embeddable":true,"href":"https:\/\/abilar.org\/en\/wp-json\/wp\/v2\/users\/1"}],"replies":[{"embeddable":true,"href":"https:\/\/abilar.org\/en\/wp-json\/wp\/v2\/comments?post=1937"}],"version-history":[{"count":7,"href":"https:\/\/abilar.org\/en\/wp-json\/wp\/v2\/posts\/1937\/revisions"}],"predecessor-version":[{"id":1990,"href":"https:\/\/abilar.org\/en\/wp-json\/wp\/v2\/posts\/1937\/revisions\/1990"}],"wp:featuredmedia":[{"embeddable":true,"href":"https:\/\/abilar.org\/en\/wp-json\/wp\/v2\/media\/1981"}],"wp:attachment":[{"href":"https:\/\/abilar.org\/en\/wp-json\/wp\/v2\/media?parent=1937"}],"wp:term":[{"taxonomy":"category","embeddable":true,"href":"https:\/\/abilar.org\/en\/wp-json\/wp\/v2\/categories?post=1937"},{"taxonomy":"post_tag","embeddable":true,"href":"https:\/\/abilar.org\/en\/wp-json\/wp\/v2\/tags?post=1937"}],"curies":[{"name":"wp","href":"https:\/\/api.w.org\/{rel}","templated":true}]}}