{"id":446,"date":"2018-11-04T12:37:05","date_gmt":"2018-11-04T09:37:05","guid":{"rendered":"https:\/\/abilar.org\/?p=446"},"modified":"2021-03-18T13:41:57","modified_gmt":"2021-03-18T10:41:57","slug":"kongremiz-ulusal-basinda-yer-aldi","status":"publish","type":"post","link":"https:\/\/abilar.org\/en\/2018\/11\/04\/kongremiz-ulusal-basinda-yer-aldi\/","title":{"rendered":"Our Congress was in the National Press"},"content":{"rendered":"<p>Derne\u011fimiz taraf\u0131ndan d\u00fczenlenen <strong>ICTC \u2013 B\u0130L\u0130\u015e\u0130M VE \u0130LET\u0130\u015e\u0130M TEKNOLOJ\u0130LER\u0130 KONGRES\u0130<\/strong> farkl\u0131 gazetelerde yer ald\u0131. <\/p>\n\n\n\n<p>\u0130lgili haberlere a\u015fa\u011f\u0131da yer adreslerden ula\u015fabilirsiniz. <\/p>\n\n\n\n<p><a href=\"https:\/\/www.sabah.com.tr\/gundem\/2018\/11\/05\/aba-bilisim-ve-iletisim-teknolojileri-kongresine-hazirlaniyor\" rel=\"noopener\">ABA \u2018Bili\u015fim ve \u0130leti\u015fim Teknolojileri Kongresi\u2019ne haz\u0131rlan\u0131yor! &#8211; Sabah<\/a><\/p>\n\n\n\n<p><a class=\"rank-math-link\" href=\"https:\/\/www.ahaber.com.tr\/yasam\/2018\/11\/03\/aba-bilisim-ve-iletisim-teknolojileri-kongresine-hazirlaniyor\" rel=\"noopener\">ABA \u2018Bili\u015fim ve \u0130leti\u015fim Teknolojileri Kongresi\u2019ne haz\u0131rlan\u0131yor! &#8211; A Haber En Son Haberler<\/a><\/p>","protected":false},"excerpt":{"rendered":"<p>Derne\u011fimiz taraf\u0131ndan d\u00fczenlenen ICTC \u2013 B\u0130L\u0130\u015e\u0130M VE \u0130LET\u0130\u015e\u0130M TEKNOLOJ\u0130LER\u0130 KONGRES\u0130 ile ilgili haberimiz farkl\u0131 gazetelerde yer ald\u0131. <\/p>","protected":false},"author":4,"featured_media":1599,"comment_status":"closed","ping_status":"open","sticky":false,"template":"","format":"standard","meta":{"footnotes":""},"categories":[11],"tags":[],"class_list":["post-446","post","type-post","status-publish","format-standard","has-post-thumbnail","hentry","category-haber"],"_links":{"self":[{"href":"https:\/\/abilar.org\/en\/wp-json\/wp\/v2\/posts\/446","targetHints":{"allow":["GET"]}}],"collection":[{"href":"https:\/\/abilar.org\/en\/wp-json\/wp\/v2\/posts"}],"about":[{"href":"https:\/\/abilar.org\/en\/wp-json\/wp\/v2\/types\/post"}],"author":[{"embeddable":true,"href":"https:\/\/abilar.org\/en\/wp-json\/wp\/v2\/users\/4"}],"replies":[{"embeddable":true,"href":"https:\/\/abilar.org\/en\/wp-json\/wp\/v2\/comments?post=446"}],"version-history":[{"count":5,"href":"https:\/\/abilar.org\/en\/wp-json\/wp\/v2\/posts\/446\/revisions"}],"predecessor-version":[{"id":1883,"href":"https:\/\/abilar.org\/en\/wp-json\/wp\/v2\/posts\/446\/revisions\/1883"}],"wp:featuredmedia":[{"embeddable":true,"href":"https:\/\/abilar.org\/en\/wp-json\/wp\/v2\/media\/1599"}],"wp:attachment":[{"href":"https:\/\/abilar.org\/en\/wp-json\/wp\/v2\/media?parent=446"}],"wp:term":[{"taxonomy":"category","embeddable":true,"href":"https:\/\/abilar.org\/en\/wp-json\/wp\/v2\/categories?post=446"},{"taxonomy":"post_tag","embeddable":true,"href":"https:\/\/abilar.org\/en\/wp-json\/wp\/v2\/tags?post=446"}],"curies":[{"name":"wp","href":"https:\/\/api.w.org\/{rel}","templated":true}]}}